{"id":1939,"date":"2026-04-29T16:24:19","date_gmt":"2026-04-29T15:24:19","guid":{"rendered":"https:\/\/innviertler-kulturkreis.at\/?p=1939"},"modified":"2026-04-29T16:24:19","modified_gmt":"2026-04-29T15:24:19","slug":"12-mai-2026-heimatkunde-stammtisch-historischer-atlas-von-bayern","status":"publish","type":"post","link":"https:\/\/innviertler-kulturkreis.at\/index.php\/2026\/04\/29\/12-mai-2026-heimatkunde-stammtisch-historischer-atlas-von-bayern\/","title":{"rendered":"12.Mai 2026: Heimatkunde-Stammtisch &#8222;Historischer Atlas von Bayern&#8220;"},"content":{"rendered":"\n<p>Die Geschichte des s\u00fcdlichen Innviertels \u2013 also im Wesentlichen das Gebiet des Bezirkes Braunau \u2013 steht im Mittelpunkt eines landesgeschichtlichen Gro\u00dfwerkes, das in Zusammenarbeit der Kommission f\u00fcr bayerische Landesgeschichte und dem O\u00d6 Landesarchiv nunmehr fertiggestellt wurde. Dr. Gerhard Schwentner, Historiker und Heimatforscher, ist Mitautor dieses landesgeschichtlichen Werkes, das die Entwicklung der Herrschafts- und Verwaltungsstrukturen, beginnend mit dem Fr\u00fchmittelalter beschreibt. Vorgestellt werden in diesem letzten Band (die beiden ersten B\u00e4nde waren den Landgerichten Sch\u00e4rding und Ried gewidmet) die Landgerichte des s\u00fcdlichen Innviertels (Landgerichte Braunau, Mauerkirchen, Mattighofen, Wildshut, Friedburg und Pfleggericht Uttendorf).<\/p>\n\n\n\n<p>Der Vortragende Mag. Dr. Gerhard Schwentner ist u.a. Historiker am Di\u00f6zesanarchiv Linz und leitet bereits lange Zeit auch Kurse in Familien und Hausgeschichtsforschung.<\/p>\n\n\n\n<p>Der Vortrag, traditionell beim Steinerwirt in Gundertshausen im Rahmen der Heimatkunde-Stammtische des IKK, bietet einen \u00dcberblick \u00fcber die interessante und spannende Geschichte des s\u00fcdlichen Innviertels, unseres Heimatbezirkes, und ist von gro\u00dfer wissenschaftlich-historischer Bedeutung.<\/p>\n\n\n\n<p>Wo: Steinerwirt in Gundertshausen am Dienstag, den 12. Mai 2026 \u2013 Beginn: 19:30 Uhr<\/p>\n\n\n\n<p><\/p>\n","protected":false},"excerpt":{"rendered":"<p>Die Geschichte des s\u00fcdlichen Innviertels \u2013 also im Wesentlichen das Gebiet des Bezirkes Braunau \u2013 steht im Mittelpunkt eines landesgeschichtlichen Gro\u00dfwerkes, das in Zusammenarbeit der Kommission f\u00fcr bayerische Landesgeschichte und dem O\u00d6 Landesarchiv nunmehr fertiggestellt wurde. Dr. Gerhard Schwentner, Historiker und Heimatforscher, ist Mitautor dieses landesgeschichtlichen Werkes, das die Entwicklung der Herrschafts- und Verwaltungsstrukturen, beginnend [&hellip;]<\/p>\n","protected":false},"author":3,"featured_media":0,"comment_status":"open","ping_status":"closed","sticky":false,"template":"","format":"standard","meta":{"footnotes":""},"categories":[1],"tags":[],"class_list":["post-1939","post","type-post","status-publish","format-standard","hentry","category-neuigkeiten-beim-innviertlr-kulturkreis"],"jetpack_featured_media_url":"","publishpress_future_action":{"enabled":true,"date":"2026-05-12 04:23:00","action":"delete","newStatus":"draft","terms":[],"taxonomy":"category","extraData":[]},"publishpress_future_workflow_manual_trigger":{"enabledWorkflows":[]},"_links":{"self":[{"href":"https:\/\/innviertler-kulturkreis.at\/index.php\/wp-json\/wp\/v2\/posts\/1939","targetHints":{"allow":["GET"]}}],"collection":[{"href":"https:\/\/innviertler-kulturkreis.at\/index.php\/wp-json\/wp\/v2\/posts"}],"about":[{"href":"https:\/\/innviertler-kulturkreis.at\/index.php\/wp-json\/wp\/v2\/types\/post"}],"author":[{"embeddable":true,"href":"https:\/\/innviertler-kulturkreis.at\/index.php\/wp-json\/wp\/v2\/users\/3"}],"replies":[{"embeddable":true,"href":"https:\/\/innviertler-kulturkreis.at\/index.php\/wp-json\/wp\/v2\/comments?post=1939"}],"version-history":[{"count":2,"href":"https:\/\/innviertler-kulturkreis.at\/index.php\/wp-json\/wp\/v2\/posts\/1939\/revisions"}],"predecessor-version":[{"id":1941,"href":"https:\/\/innviertler-kulturkreis.at\/index.php\/wp-json\/wp\/v2\/posts\/1939\/revisions\/1941"}],"wp:attachment":[{"href":"https:\/\/innviertler-kulturkreis.at\/index.php\/wp-json\/wp\/v2\/media?parent=1939"}],"wp:term":[{"taxonomy":"category","embeddable":true,"href":"https:\/\/innviertler-kulturkreis.at\/index.php\/wp-json\/wp\/v2\/categories?post=1939"},{"taxonomy":"post_tag","embeddable":true,"href":"https:\/\/innviertler-kulturkreis.at\/index.php\/wp-json\/wp\/v2\/tags?post=1939"}],"curies":[{"name":"wp","href":"https:\/\/api.w.org\/{rel}","templated":true}]}}